{"id":1872,"date":"2022-11-30T11:52:01","date_gmt":"2022-11-30T09:52:01","guid":{"rendered":"https:\/\/brandtedelstahldach.de\/?p=1872"},"modified":"2022-11-30T13:46:52","modified_gmt":"2022-11-30T11:46:52","slug":"get-nord-2022-auf-zu-den-nordlichtern","status":"publish","type":"post","link":"https:\/\/brandtedelstahldach.de\/en\/get-nord-2022-auf-zu-den-nordlichtern\/","title":{"rendered":"Get Nord 2022 &#8211; auf zu den Nordlichtern"},"content":{"rendered":"\n<h2>Endlich wieder Get Nord &#8211; 17.11 &#8211; 19.11.2022<\/h2>\n\n\n\n<p>Nach zwei Jahren Pause ging es f\u00fcr BRANDT wieder hoch in den Norden zur Get Nord. Die GET Nord, einzige gemeinsame Fachmesse f\u00fcr Elektro, Sanit\u00e4r, Heizung und Klima im Norden, bietet ihren Besuchern ein informatives Vortragsprogramm*, Workshops und abwechslungsreiche Sonderschauen. Produkte, Trends und Verfahrenstechniken werden anschaulich inszeniert und erlebbar gemacht. Fundierte Informationen, der Austausch mit Experten und wegweisende Konzepte in der technischen Haus- und Geb\u00e4udeausstattung runden das Programm ab.<\/p>\n\n\n\n<p>W\u00e4rmewende, Energieeffizienz, Trinkwasserhygiene: <br>Die GET Nord 2022 zeigte einmal mehr eindrucksvoll, welche aktuellen Themen im Fokus der Geb\u00e4udeenergietechnik stehen und welche L\u00f6sungen durch die Vernetzung der Gewerke Elektro, Sanit\u00e4r, Heizung und Klima m\u00f6glich sind.<\/p>\n\n\n\n<p>Dem Wunsch nach kompaktem Wissenstransfer an einem Ort hat die GET Nord nicht zuletzt mit den zahlreichen Fachforen und dem umfangreichen B\u00fchnenprogramm Rechnung getragen. Insbesondere das neue ENERGY Forum mit einem breiten Angebot an Trendthemen wurde von rund der H\u00e4lfte der Besuchenden genutzt. Das Angebot wird auch k\u00fcnftig weiter ausgebaut und an die Bed\u00fcrfnisse der Elektro- und SHK-Branche angepasst.<\/p>\n\n\n\n<p>Die n\u00e4chste GET Nord findet vom 21. bis 23. November 2024 in den Hamburger Messehallen statt.<\/p>\n\n\n\n<figure class=\"wp-block-image size-medium\"><a href=\"https:\/\/brandtedelstahldach.de\/wp-content\/uploads\/2022\/11\/Brandt_GN.jpg\"><img loading=\"lazy\" width=\"199\" height=\"300\" src=\"https:\/\/brandtedelstahldach.de\/wp-content\/uploads\/2022\/11\/Brandt_GN-199x300.jpg\" alt=\"\" class=\"wp-image-1874\" srcset=\"https:\/\/brandtedelstahldach.de\/wp-content\/uploads\/2022\/11\/Brandt_GN-199x300.jpg 199w, https:\/\/brandtedelstahldach.de\/wp-content\/uploads\/2022\/11\/Brandt_GN.jpg 558w\" sizes=\"(max-width: 199px) 100vw, 199px\" \/><\/a><\/figure>\n","protected":false},"excerpt":{"rendered":"<p>Endlich wieder Get Nord &#8211; 17.11 &#8211; 19.11.2022 Nach zwei Jahren Pause ging es f\u00fcr BRANDT wieder hoch in den Norden zur Get Nord. Die GET Nord, einzige gemeinsame Fachmesse f\u00fcr Elektro, Sanit\u00e4r, Heizung und Klima im Norden, bietet ihren Besuchern ein informatives Vortragsprogramm*, Workshops und abwechslungsreiche Sonderschauen. Produkte, Trends und Verfahrenstechniken werden anschaulich inszeniert [&hellip;]<\/p>\n","protected":false},"author":1,"featured_media":1873,"comment_status":"open","ping_status":"open","sticky":false,"template":"","format":"standard","meta":[],"categories":[1],"tags":[11,125,9,35,36,30,14,16],"_links":{"self":[{"href":"https:\/\/brandtedelstahldach.de\/en\/wp-json\/wp\/v2\/posts\/1872"}],"collection":[{"href":"https:\/\/brandtedelstahldach.de\/en\/wp-json\/wp\/v2\/posts"}],"about":[{"href":"https:\/\/brandtedelstahldach.de\/en\/wp-json\/wp\/v2\/types\/post"}],"author":[{"embeddable":true,"href":"https:\/\/brandtedelstahldach.de\/en\/wp-json\/wp\/v2\/users\/1"}],"replies":[{"embeddable":true,"href":"https:\/\/brandtedelstahldach.de\/en\/wp-json\/wp\/v2\/comments?post=1872"}],"version-history":[{"count":3,"href":"https:\/\/brandtedelstahldach.de\/en\/wp-json\/wp\/v2\/posts\/1872\/revisions"}],"predecessor-version":[{"id":1877,"href":"https:\/\/brandtedelstahldach.de\/en\/wp-json\/wp\/v2\/posts\/1872\/revisions\/1877"}],"wp:featuredmedia":[{"embeddable":true,"href":"https:\/\/brandtedelstahldach.de\/en\/wp-json\/wp\/v2\/media\/1873"}],"wp:attachment":[{"href":"https:\/\/brandtedelstahldach.de\/en\/wp-json\/wp\/v2\/media?parent=1872"}],"wp:term":[{"taxonomy":"category","embeddable":true,"href":"https:\/\/brandtedelstahldach.de\/en\/wp-json\/wp\/v2\/categories?post=1872"},{"taxonomy":"post_tag","embeddable":true,"href":"https:\/\/brandtedelstahldach.de\/en\/wp-json\/wp\/v2\/tags?post=1872"}],"curies":[{"name":"wp","href":"https:\/\/api.w.org\/{rel}","templated":true}]}}